{"id":22884,"date":"2025-06-14T13:09:34","date_gmt":"2025-06-14T13:09:34","guid":{"rendered":"https:\/\/bpctravel.lt\/?p=22884"},"modified":"2026-03-09T06:16:49","modified_gmt":"2026-03-09T06:16:49","slug":"verslo-kelioniu-organizavimas-i-barselona","status":"publish","type":"post","link":"https:\/\/bpctravel.lt\/en\/verslo-kelioniu-organizavimas-i-barselona\/","title":{"rendered":"Verslo kelioni\u0173 organizavimas: kaip suplanuoti komandiruot\u0119 \u012f Barselon\u0105"},"content":{"rendered":"<figure class=\"wp-block-image size-large\"><img fetchpriority=\"high\" decoding=\"async\" width=\"1024\" height=\"536\" src=\"https:\/\/bpctravel.lt\/wp-content\/uploads\/2025\/06\/Verslo-kelioniu-organizavimas-kaip-suplanuoti-komandiruote-i-Barselona-1024x536.png\" alt=\"\" class=\"wp-image-22896\" srcset=\"https:\/\/bpctravel.lt\/wp-content\/uploads\/2025\/06\/Verslo-kelioniu-organizavimas-kaip-suplanuoti-komandiruote-i-Barselona-1024x536.png 1024w, https:\/\/bpctravel.lt\/wp-content\/uploads\/2025\/06\/Verslo-kelioniu-organizavimas-kaip-suplanuoti-komandiruote-i-Barselona-300x157.png 300w, https:\/\/bpctravel.lt\/wp-content\/uploads\/2025\/06\/Verslo-kelioniu-organizavimas-kaip-suplanuoti-komandiruote-i-Barselona-768x402.png 768w, https:\/\/bpctravel.lt\/wp-content\/uploads\/2025\/06\/Verslo-kelioniu-organizavimas-kaip-suplanuoti-komandiruote-i-Barselona-18x9.png 18w, https:\/\/bpctravel.lt\/wp-content\/uploads\/2025\/06\/Verslo-kelioniu-organizavimas-kaip-suplanuoti-komandiruote-i-Barselona.png 1200w\" sizes=\"(max-width: 1024px) 100vw, 1024px\" \/><\/figure>\n\n\n\n<p>Barselona \u2013 tai daugiau nei paj\u016bris ir Gaud\u012f architekt\u016bra. Tai vienas spar\u010diau augan\u010di\u0173 Piet\u0173 Europos technologij\u0173, verslo ir tarptautini\u0173 rengini\u0173 centr\u0173. Planuojantiems verslo kelion\u0119 \u012f Katalonijos sostin\u0119 svarbu \u017einoti, kada vykti, kokius renginius aplankyti ir kaip pasir\u016bpinti logistikos detal\u0117mis.<\/p>\n\n\n\n<hr class=\"wp-block-separator has-alpha-channel-opacity\"\/>\n\n\n\n<h2 class=\"wp-block-heading\">Kaip nuvykti<\/h2>\n\n\n\n<h3 class=\"wp-block-heading\">Oro uostai ir susisiekimas<\/h3>\n\n\n\n<ul class=\"wp-block-list\">\n<li><strong>Vilnius \u2013 Barcelona El Prat (BCN)<\/strong>: tiesioginiai skryd\u017eiai su Ryanair, Wizz Air ar Vueling.<\/li>\n\n\n\n<li><strong>Kaunas \u2013 BCN<\/strong>: sezoniai skryd\u017eiai, da\u017enai vasaros metu.<\/li>\n<\/ul>\n\n\n\n<p>I\u0161 El Prat oro uosto iki miesto centro (Pla\u00e7a Catalunya) galima pasiekti <strong>Aerob\u00fas<\/strong> (~35 min.) arba <strong>R2 Nord traukiniu<\/strong> (~30 min.).<\/p>\n\n\n\n<hr class=\"wp-block-separator has-alpha-channel-opacity\"\/>\n\n\n\n<h2 class=\"wp-block-heading\">Kada vykti<\/h2>\n\n\n\n<h3 class=\"wp-block-heading\">Geriausias laikas verslo kelion\u0117ms<\/h3>\n\n\n\n<ul class=\"wp-block-list\">\n<li><strong>Kovas\u2013gegu\u017e\u0117<\/strong> ir <strong>rugs\u0117jis\u2013lapkritis<\/strong> \u2013 idealus metas verslo renginiams ir susitikimams.<\/li>\n\n\n\n<li><strong>Liepa\u2013rugpj\u016btis<\/strong>: kar\u0161ti orai, turizmo pikas, kai kai kurios \u012fmon\u0117s nedirba (atostog\u0173 sezonas).<\/li>\n<\/ul>\n\n\n\n<hr class=\"wp-block-separator has-alpha-channel-opacity\"\/>\n\n\n\n<h2 class=\"wp-block-heading\">Top 10 verslo parod\u0173 Barselonoje (2025\u20132026)<\/h2>\n\n\n\n<ol start=\"1\" class=\"wp-block-list\">\n<li><a href=\"https:\/\/www.mwcbarcelona.com\/\"><strong>Mobile World Congress (MWC)<\/strong><\/a> \u2013 2025-03-03 \u2192 03-06 | Fira Gran Via<br>Mobiliosios technologijos, telekomunikacijos, AI<\/li>\n\n\n\n<li><a href=\"https:\/\/www.iseurope.org\/\"><strong>ISE (Integrated Systems Europe)<\/strong><\/a> \u2013 2025-02-04 \u2192 02-07 | Fira Gran Via<br>Audiovizualiniai sprendimai, smart tech, skaitmenizavimas<\/li>\n\n\n\n<li><a href=\"https:\/\/www.smartcityexpo.com\/\"><strong>Smart City Expo World Congress<\/strong><\/a> \u2013 2025-11-04 \u2192 11-06 | Fira Gran Via<br>Tvarus miestas, IoT, klimato technologijos<\/li>\n\n\n\n<li><a href=\"https:\/\/www.alimentaria.com\/\"><strong>Alimentaria Barcelona<\/strong><\/a> \u2013 2026-03 | Fira Barcelona<br>Maisto pramon\u0117, eksportas, FMCG sektorius<\/li>\n\n\n\n<li><a href=\"https:\/\/www.salonnautico.com\/\"><strong>Salon Nautico Internacional de Barcelona<\/strong><\/a> \u2013 2025-10 | Port Vell<br>Laiv\u0173 pramon\u0117, j\u016br\u0173 verslas, B2B<\/li>\n\n\n\n<li><a href=\"https:\/\/www.construmat.com\/\"><strong>Barcelona Building Construmat<\/strong><\/a> \u2013 2025-05 | Fira Barcelona<br>Statyba, med\u017eiagos, tvar\u016bs sprendimai<\/li>\n\n\n\n<li><strong><a>E-SHOW Barcelona<\/a><\/strong> \u2013 2025-05 | Fira Barcelona<br>E-komercija, marketingas, martech<\/li>\n\n\n\n<li><a href=\"https:\/\/www.iotsworldcongress.com\/\"><strong>IoT Solutions World Congress<\/strong><\/a> \u2013 2025-05 | Fira Gran Via<br>Pramoninis IoT, dirbtinis intelektas, saugumas<\/li>\n\n\n\n<li><a href=\"https:\/\/www.bizbarcelona.com\/\"><strong>Bizbarcelona<\/strong><\/a> \u2013 2025-06 | Fira Montju\u00efc<br>Startuoliai, verslo pl\u0117tra, finansavimas<\/li>\n\n\n\n<li><a href=\"https:\/\/www.piscinawellness.com\/\"><strong>Piscina &amp; Wellness Barcelona<\/strong><\/a> \u2013 2025-10 | Fira Barcelona<br>Poilsio sektorius, dizainas, B2B kontaktai<\/li>\n<\/ol>\n\n\n\n<hr class=\"wp-block-separator has-alpha-channel-opacity\"\/>\n\n\n\n<h2 class=\"wp-block-heading\">Kur apsistoti<\/h2>\n\n\n\n<h3 class=\"wp-block-heading\">Vie\u0161bu\u010diai verslo keliautojams<\/h3>\n\n\n\n<ul class=\"wp-block-list\">\n<li><em>Hotel NH Collection Constanza<\/em> \u2013 netoli Fira de Barcelona, puikus susitikimams.<\/li>\n\n\n\n<li><em>Barcel\u00f3 Sants<\/em> \u2013 integruotas \u012f pagrindin\u0119 traukini\u0173 stot\u012f, ypa\u010d patogu keliaujantiems tarp miest\u0173.<\/li>\n\n\n\n<li><em>Hotel Catalonia Plaza Catalunya<\/em> \u2013 centrin\u0117 lokacija, puikus pasirinkimas darbui ir laisvalaikiui.<\/li>\n<\/ul>\n\n\n\n<hr class=\"wp-block-separator has-alpha-channel-opacity\"\/>\n\n\n\n<h2 class=\"wp-block-heading\">Transportas mieste<\/h2>\n\n\n\n<ul class=\"wp-block-list\">\n<li><strong>Metro<\/strong>: greitas ir patikimas (8 linijos, tinka verslui ir konferencijoms).<\/li>\n\n\n\n<li><strong>Taksi \/ pav\u0117\u017e\u0117jimas<\/strong>: FreeNow, Uber, Bolt.<\/li>\n\n\n\n<li><strong>Elektriniai paspirtukai \/ dvirat\u0117s<\/strong>: tinka trumpiems perva\u017eiavimams centre.<\/li>\n<\/ul>\n\n\n\n<hr class=\"wp-block-separator has-alpha-channel-opacity\"\/>\n\n\n\n<h2 class=\"wp-block-heading\">Lankytinos vietos per verslo kelion\u0119<\/h2>\n\n\n\n<h3 class=\"wp-block-heading\">\u017dinomos vietos<\/h3>\n\n\n\n<ul class=\"wp-block-list\">\n<li><em>Passeig de Gracia<\/em> \u2013 auk\u0161t\u0172j\u0173 technologij\u0173 biurai, presti\u017einiai restoranai.<\/li>\n\n\n\n<li><em>Port Vell &amp; W Hotel terasa<\/em> \u2013 networking\u2019ui prie j\u016bros.<\/li>\n\n\n\n<li><em>Montju\u00efc<\/em> \u2013 kult\u016bro centr\u0173 ir parod\u0173 zona.<\/li>\n<\/ul>\n\n\n\n<h3 class=\"wp-block-heading\">Slaptos vietos<\/h3>\n\n\n\n<ul class=\"wp-block-list\">\n<li><em>El Nacional<\/em> \u2013 restoranas-pasaulis su verslo piet\u0173 atmosfera.<\/li>\n\n\n\n<li><em>Bunkers del Carmel<\/em> \u2013 rami vieta neformaliam pokalbiui su vaizdu.<\/li>\n\n\n\n<li><em>Poblenou rajonas<\/em> \u2013 technologij\u0173 ir inovacij\u0173 erdv\u0117s<\/li>\n<\/ul>\n\n\n\n<hr class=\"wp-block-separator has-alpha-channel-opacity\"\/>\n\n\n\n<h2 class=\"wp-block-heading\">Kur valgyti verslo susitikimams<\/h2>\n\n\n\n<h3 class=\"wp-block-heading\">Formaliems susitikimams<\/h3>\n\n\n\n<ul class=\"wp-block-list\">\n<li><em>Moments<\/em> (2 Michelin \u017evaig\u017edut\u0117s) \u2013 rafinuota, stilinga aplinka.<\/li>\n\n\n\n<li><em>Lasarte<\/em> (3 \u017evaig\u017edut\u0117s) \u2013 auk\u0161\u010diausios klas\u0117s vakarien\u0117s.<\/li>\n<\/ul>\n\n\n\n<h3 class=\"wp-block-heading\">Neformaliems pokalbiams<\/h3>\n\n\n\n<ul class=\"wp-block-list\">\n<li><em>El Quim de la Boqueria<\/em> \u2013 autenti\u0161kas tapas ir greitas aptarnavimas.<\/li>\n\n\n\n<li><em>Federal Cafe<\/em> \u2013 idealu brunch tipo susitikimams.<\/li>\n<\/ul>\n\n\n\n<hr class=\"wp-block-separator has-alpha-channel-opacity\"\/>\n\n\n\n<h2 class=\"wp-block-heading\">Verslo etiketas Barselonoje<\/h2>\n\n\n\n<ul class=\"wp-block-list\">\n<li><strong>Punktualumas<\/strong>: Ispanijoje toleruojamas 5\u201310 min. v\u0117lavimas.<\/li>\n\n\n\n<li><strong>Apranga<\/strong>: verslo stiliaus, bet neperd\u0117tai formalus.<\/li>\n\n\n\n<li><strong>Sveikinimasis<\/strong>: rankos paspaudimas; artimesni santykiai gali apimti \u0161ilt\u0105 gest\u0105 ar bu\u010diuk\u0105 \u012f skruost\u0105.<\/li>\n\n\n\n<li><strong>Arbatpinigiai<\/strong>: ne\u012fprasta, bet palikti 5\u201310 % yra mandagu.<\/li>\n<\/ul>\n\n\n\n<hr class=\"wp-block-separator has-alpha-channel-opacity\"\/>\n\n\n\n<h2 class=\"wp-block-heading\">Saugumo patarimai<\/h2>\n\n\n\n<p>Barselona yra saugi, ta\u010di\u0105u ypa\u010d <strong>La Rambla<\/strong> ir <strong>metro<\/strong> zonose pasitaiko ki\u0161envagys\u010di\u0173. Dokumentus ir vertingus daiktus laikykite ar\u010diau.<\/p>\n\n\n\n<hr class=\"wp-block-separator has-alpha-channel-opacity\"\/>\n\n\n\n<h2 class=\"wp-block-heading\">Naudingos nuorodos<\/h2>\n\n\n\n<ul class=\"wp-block-list\">\n<li><strong>Skubi pagalba<\/strong>: 112<\/li>\n\n\n\n<li><strong>Lietuvos ambasada Ispanijoje<\/strong>: <a>es.mfa.lt<\/a><\/li>\n\n\n\n<li><strong>Transportas Barselonoje<\/strong>: <a>tmb.cat<\/a><\/li>\n<\/ul>\n\n\n\n<hr class=\"wp-block-separator has-alpha-channel-opacity\"\/>\n\n\n\n<h2 class=\"wp-block-heading\">Planuojate verslo kelion\u0119 \u012f Barselon\u0105?<\/h2>\n\n\n\n<p>Leiskite <strong>BPC Travel<\/strong> pasir\u016bpinti viskuo nuo A iki Z \u2013 kad J\u016bs\u0173 komandiruot\u0117 tapt\u0173 ne tik efektyvia, bet ir malonia patirtimi:<\/p>\n\n\n\n<ul class=\"wp-block-list\">\n<li><strong>Skryd\u017eiai<\/strong> i\u0161 Vilniaus, Kauno ar Rygos \u2013 parinksime patogiausius variantus pagal J\u016bs\u0173 tvarkara\u0161t\u012f.<\/li>\n\n\n\n<li><strong>Vie\u0161bu\u010di\u0173 rezervacijos<\/strong> \u2013 nuo presti\u017eini\u0173 susitikim\u0173 viet\u0173 iki prakti\u0161k\u0173 sprendim\u0173 ilgalaik\u0117ms vie\u0161nag\u0117ms.<\/li>\n\n\n\n<li><strong>Parod\u0173 registracijos<\/strong> ir <strong>akreditacijos<\/strong> \u2013 pasir\u016bpinsime, kad patektum\u0117te \u012f svarbiausius verslo renginius be r\u016bpes\u010di\u0173.<\/li>\n\n\n\n<li><strong>Verslo susitikim\u0173 logistika<\/strong> \u2013 pad\u0117sime suplanuoti mar\u0161rut\u0105, suplanuosime laik\u0105, patarsime d\u0117l tinkam\u0173 viet\u0173 pietums ar tinklaveikai.<\/li>\n\n\n\n<li><strong>24\/7 pagalba kelion\u0117s metu<\/strong> \u2013 jei ka\u017ekas kei\u010diasi, reaguojame i\u0161kart.<\/li>\n\n\n\n<li><strong>Cytric savitarna<\/strong> \u2013 galimyb\u0117 planuoti keliones savaranki\u0161kai, kai to reikia.<\/li>\n<\/ul>\n\n\n\n<p>Mes nesame tik agent\u016bra \u2013 esame <strong>J\u016bs\u0173 verslo kelioni\u0173 partneris<\/strong>, kuris supranta, kad kiekviena detal\u0117 svarbi. Komandiruot\u0117 su mumis \u2013 tai ne tik kelion\u0117, bet ir u\u017etikrinta patirtis, kuri sukuria rezultat\u0173..<\/p>\n\n\n\n<p>\ud83d\udc49 <a>Pateikti u\u017eklaus\u0105<\/a><\/p>","protected":false},"excerpt":{"rendered":"<p>Barselona \u2013 tai daugiau nei paj\u016bris ir Gaud\u012f architekt\u016bra. Tai vienas spar\u010diau augan\u010di\u0173 Piet\u0173 Europos technologij\u0173, verslo ir tarptautini\u0173 rengini\u0173 centr\u0173. Planuojantiems verslo kelion\u0119 \u012f Katalonijos sostin\u0119 svarbu \u017einoti, kada vykti, kokius renginius aplankyti ir kaip pasir\u016bpinti logistikos detal\u0117mis. Kaip nuvykti Oro uostai ir susisiekimas I\u0161 El Prat oro uosto iki miesto centro (Pla\u00e7a Catalunya) [&hellip;]<\/p>\n","protected":false},"author":6,"featured_media":22896,"comment_status":"closed","ping_status":"closed","sticky":false,"template":"","format":"standard","meta":{"footnotes":""},"categories":[59,266,265],"tags":[165,117,70,263],"class_list":["post-22884","post","type-post","status-publish","format-standard","has-post-thumbnail","hentry","category-blog","category-kelioniu-naujienos","category-kelioniu-patarimai-ir-izvalgos-verslui","tag-gidas","tag-ispanija","tag-paroda","tag-verslo-keliones"],"yoast_head":"<!-- This site is optimized with the Yoast SEO plugin v27.3 - https:\/\/yoast.com\/product\/yoast-seo-wordpress\/ -->\n<title>Verslo kelioni\u0173 organizavimas \u012f Barselon\u0105 | Parodos, vie\u0161bu\u010diai<\/title>\n<meta name=\"description\" content=\"Planuojate verslo kelion\u0119 \u012f Barselon\u0105? TOP parodos, skryd\u017eiai i\u0161 Lietuvos, verslo vie\u0161bu\u010diai, transportas, maistas ir etiketo patarimai.\" \/>\n<meta name=\"robots\" content=\"index, follow, max-snippet:-1, max-image-preview:large, max-video-preview:-1\" \/>\n<link rel=\"canonical\" href=\"https:\/\/bpctravel.lt\/en\/verslo-kelioniu-organizavimas-i-barselona\/\" \/>\n<meta property=\"og:locale\" content=\"en_GB\" \/>\n<meta property=\"og:type\" content=\"article\" \/>\n<meta property=\"og:title\" content=\"Verslo kelioni\u0173 organizavimas \u012f Barselon\u0105 | Parodos, vie\u0161bu\u010diai\" \/>\n<meta property=\"og:description\" content=\"Planuojate verslo kelion\u0119 \u012f Barselon\u0105? TOP parodos, skryd\u017eiai i\u0161 Lietuvos, verslo vie\u0161bu\u010diai, transportas, maistas ir etiketo patarimai.\" \/>\n<meta property=\"og:url\" content=\"https:\/\/bpctravel.lt\/en\/verslo-kelioniu-organizavimas-i-barselona\/\" \/>\n<meta property=\"og:site_name\" content=\"BPC travel\" \/>\n<meta property=\"article:publisher\" content=\"https:\/\/www.facebook.com\/BPCtravelKeliones\" \/>\n<meta property=\"article:published_time\" content=\"2025-06-14T13:09:34+00:00\" \/>\n<meta property=\"article:modified_time\" content=\"2026-03-09T06:16:49+00:00\" \/>\n<meta property=\"og:image\" content=\"https:\/\/bpctravel.lt\/wp-content\/uploads\/2025\/06\/Verslo-kelioniu-organizavimas-kaip-suplanuoti-komandiruote-i-Barselona.png\" \/>\n\t<meta property=\"og:image:width\" content=\"1200\" \/>\n\t<meta property=\"og:image:height\" content=\"628\" \/>\n\t<meta property=\"og:image:type\" content=\"image\/png\" \/>\n<meta name=\"author\" content=\"Verslo kelion\u0117s\" \/>\n<meta name=\"twitter:card\" content=\"summary_large_image\" \/>\n<meta name=\"twitter:label1\" content=\"Written by\" \/>\n\t<meta name=\"twitter:data1\" content=\"Verslo kelion\u0117s\" \/>\n\t<meta name=\"twitter:label2\" content=\"Estimated reading time\" \/>\n\t<meta name=\"twitter:data2\" content=\"4 minutes\" \/>\n<script type=\"application\/ld+json\" class=\"yoast-schema-graph\">{\"@context\":\"https:\\\/\\\/schema.org\",\"@graph\":[{\"@type\":\"Article\",\"@id\":\"https:\\\/\\\/bpctravel.lt\\\/verslo-kelioniu-organizavimas-i-barselona\\\/#article\",\"isPartOf\":{\"@id\":\"https:\\\/\\\/bpctravel.lt\\\/verslo-kelioniu-organizavimas-i-barselona\\\/\"},\"author\":{\"name\":\"Verslo kelion\u0117s\",\"@id\":\"https:\\\/\\\/bpctravel.lt\\\/#\\\/schema\\\/person\\\/5c2733615a4f3a80201aed9c13070a6b\"},\"headline\":\"Verslo kelioni\u0173 organizavimas: kaip suplanuoti komandiruot\u0119 \u012f Barselon\u0105\",\"datePublished\":\"2025-06-14T13:09:34+00:00\",\"dateModified\":\"2026-03-09T06:16:49+00:00\",\"mainEntityOfPage\":{\"@id\":\"https:\\\/\\\/bpctravel.lt\\\/verslo-kelioniu-organizavimas-i-barselona\\\/\"},\"wordCount\":650,\"image\":{\"@id\":\"https:\\\/\\\/bpctravel.lt\\\/verslo-kelioniu-organizavimas-i-barselona\\\/#primaryimage\"},\"thumbnailUrl\":\"https:\\\/\\\/bpctravel.lt\\\/wp-content\\\/uploads\\\/2025\\\/06\\\/Verslo-kelioniu-organizavimas-kaip-suplanuoti-komandiruote-i-Barselona.png\",\"keywords\":[\"gidas\",\"ispanija\",\"paroda\",\"verslo kelion\u0117s\"],\"articleSection\":[\"Blog\",\"Kelioni\u0173 naujienos\",\"Kelioni\u0173 patarimai ir \u012f\u017evalgos verslui\"],\"inLanguage\":\"en-GB\"},{\"@type\":\"WebPage\",\"@id\":\"https:\\\/\\\/bpctravel.lt\\\/verslo-kelioniu-organizavimas-i-barselona\\\/\",\"url\":\"https:\\\/\\\/bpctravel.lt\\\/verslo-kelioniu-organizavimas-i-barselona\\\/\",\"name\":\"Verslo kelioni\u0173 organizavimas \u012f Barselon\u0105 | Parodos, vie\u0161bu\u010diai\",\"isPartOf\":{\"@id\":\"https:\\\/\\\/bpctravel.lt\\\/#website\"},\"primaryImageOfPage\":{\"@id\":\"https:\\\/\\\/bpctravel.lt\\\/verslo-kelioniu-organizavimas-i-barselona\\\/#primaryimage\"},\"image\":{\"@id\":\"https:\\\/\\\/bpctravel.lt\\\/verslo-kelioniu-organizavimas-i-barselona\\\/#primaryimage\"},\"thumbnailUrl\":\"https:\\\/\\\/bpctravel.lt\\\/wp-content\\\/uploads\\\/2025\\\/06\\\/Verslo-kelioniu-organizavimas-kaip-suplanuoti-komandiruote-i-Barselona.png\",\"datePublished\":\"2025-06-14T13:09:34+00:00\",\"dateModified\":\"2026-03-09T06:16:49+00:00\",\"author\":{\"@id\":\"https:\\\/\\\/bpctravel.lt\\\/#\\\/schema\\\/person\\\/5c2733615a4f3a80201aed9c13070a6b\"},\"description\":\"Planuojate verslo kelion\u0119 \u012f Barselon\u0105? TOP parodos, skryd\u017eiai i\u0161 Lietuvos, verslo vie\u0161bu\u010diai, transportas, maistas ir etiketo patarimai.\",\"breadcrumb\":{\"@id\":\"https:\\\/\\\/bpctravel.lt\\\/verslo-kelioniu-organizavimas-i-barselona\\\/#breadcrumb\"},\"inLanguage\":\"en-GB\",\"potentialAction\":[{\"@type\":\"ReadAction\",\"target\":[\"https:\\\/\\\/bpctravel.lt\\\/verslo-kelioniu-organizavimas-i-barselona\\\/\"]}]},{\"@type\":\"ImageObject\",\"inLanguage\":\"en-GB\",\"@id\":\"https:\\\/\\\/bpctravel.lt\\\/verslo-kelioniu-organizavimas-i-barselona\\\/#primaryimage\",\"url\":\"https:\\\/\\\/bpctravel.lt\\\/wp-content\\\/uploads\\\/2025\\\/06\\\/Verslo-kelioniu-organizavimas-kaip-suplanuoti-komandiruote-i-Barselona.png\",\"contentUrl\":\"https:\\\/\\\/bpctravel.lt\\\/wp-content\\\/uploads\\\/2025\\\/06\\\/Verslo-kelioniu-organizavimas-kaip-suplanuoti-komandiruote-i-Barselona.png\",\"width\":1200,\"height\":628,\"caption\":\"Verslo kelioni\u0173 organizavimas kaip suplanuoti komandiruot\u0119 \u012f\"},{\"@type\":\"BreadcrumbList\",\"@id\":\"https:\\\/\\\/bpctravel.lt\\\/verslo-kelioniu-organizavimas-i-barselona\\\/#breadcrumb\",\"itemListElement\":[{\"@type\":\"ListItem\",\"position\":1,\"name\":\"Home\",\"item\":\"https:\\\/\\\/bpctravel.lt\\\/\"},{\"@type\":\"ListItem\",\"position\":2,\"name\":\"Verslo kelioni\u0173 organizavimas: kaip suplanuoti komandiruot\u0119 \u012f Barselon\u0105\"}]},{\"@type\":\"WebSite\",\"@id\":\"https:\\\/\\\/bpctravel.lt\\\/#website\",\"url\":\"https:\\\/\\\/bpctravel.lt\\\/\",\"name\":\"BPC travel\",\"description\":\"\",\"potentialAction\":[{\"@type\":\"SearchAction\",\"target\":{\"@type\":\"EntryPoint\",\"urlTemplate\":\"https:\\\/\\\/bpctravel.lt\\\/?s={search_term_string}\"},\"query-input\":{\"@type\":\"PropertyValueSpecification\",\"valueRequired\":true,\"valueName\":\"search_term_string\"}}],\"inLanguage\":\"en-GB\"},{\"@type\":\"Person\",\"@id\":\"https:\\\/\\\/bpctravel.lt\\\/#\\\/schema\\\/person\\\/5c2733615a4f3a80201aed9c13070a6b\",\"name\":\"Verslo kelion\u0117s\",\"image\":{\"@type\":\"ImageObject\",\"inLanguage\":\"en-GB\",\"@id\":\"https:\\\/\\\/bpctravel.lt\\\/wp-content\\\/litespeed\\\/avatar\\\/794cde13052789a5cef0a12ef5ef7bd5.jpg?ver=1777252015\",\"url\":\"https:\\\/\\\/bpctravel.lt\\\/wp-content\\\/litespeed\\\/avatar\\\/794cde13052789a5cef0a12ef5ef7bd5.jpg?ver=1777252015\",\"contentUrl\":\"https:\\\/\\\/bpctravel.lt\\\/wp-content\\\/litespeed\\\/avatar\\\/794cde13052789a5cef0a12ef5ef7bd5.jpg?ver=1777252015\",\"caption\":\"Verslo kelion\u0117s\"},\"sameAs\":[\"https:\\\/\\\/bpctravel.lt\\\/\"],\"url\":\"https:\\\/\\\/bpctravel.lt\\\/en\\\/author\\\/emilija\\\/\"}]}<\/script>\n<!-- \/ Yoast SEO plugin. -->","yoast_head_json":{"title":"Verslo kelioni\u0173 organizavimas \u012f Barselon\u0105 | Parodos, vie\u0161bu\u010diai","description":"Planuojate verslo kelion\u0119 \u012f Barselon\u0105? TOP parodos, skryd\u017eiai i\u0161 Lietuvos, verslo vie\u0161bu\u010diai, transportas, maistas ir etiketo patarimai.","robots":{"index":"index","follow":"follow","max-snippet":"max-snippet:-1","max-image-preview":"max-image-preview:large","max-video-preview":"max-video-preview:-1"},"canonical":"https:\/\/bpctravel.lt\/en\/verslo-kelioniu-organizavimas-i-barselona\/","og_locale":"en_GB","og_type":"article","og_title":"Verslo kelioni\u0173 organizavimas \u012f Barselon\u0105 | Parodos, vie\u0161bu\u010diai","og_description":"Planuojate verslo kelion\u0119 \u012f Barselon\u0105? TOP parodos, skryd\u017eiai i\u0161 Lietuvos, verslo vie\u0161bu\u010diai, transportas, maistas ir etiketo patarimai.","og_url":"https:\/\/bpctravel.lt\/en\/verslo-kelioniu-organizavimas-i-barselona\/","og_site_name":"BPC travel","article_publisher":"https:\/\/www.facebook.com\/BPCtravelKeliones","article_published_time":"2025-06-14T13:09:34+00:00","article_modified_time":"2026-03-09T06:16:49+00:00","og_image":[{"width":1200,"height":628,"url":"https:\/\/bpctravel.lt\/wp-content\/uploads\/2025\/06\/Verslo-kelioniu-organizavimas-kaip-suplanuoti-komandiruote-i-Barselona.png","type":"image\/png"}],"author":"Verslo kelion\u0117s","twitter_card":"summary_large_image","twitter_misc":{"Written by":"Verslo kelion\u0117s","Estimated reading time":"4 minutes"},"schema":{"@context":"https:\/\/schema.org","@graph":[{"@type":"Article","@id":"https:\/\/bpctravel.lt\/verslo-kelioniu-organizavimas-i-barselona\/#article","isPartOf":{"@id":"https:\/\/bpctravel.lt\/verslo-kelioniu-organizavimas-i-barselona\/"},"author":{"name":"Verslo kelion\u0117s","@id":"https:\/\/bpctravel.lt\/#\/schema\/person\/5c2733615a4f3a80201aed9c13070a6b"},"headline":"Verslo kelioni\u0173 organizavimas: kaip suplanuoti komandiruot\u0119 \u012f Barselon\u0105","datePublished":"2025-06-14T13:09:34+00:00","dateModified":"2026-03-09T06:16:49+00:00","mainEntityOfPage":{"@id":"https:\/\/bpctravel.lt\/verslo-kelioniu-organizavimas-i-barselona\/"},"wordCount":650,"image":{"@id":"https:\/\/bpctravel.lt\/verslo-kelioniu-organizavimas-i-barselona\/#primaryimage"},"thumbnailUrl":"https:\/\/bpctravel.lt\/wp-content\/uploads\/2025\/06\/Verslo-kelioniu-organizavimas-kaip-suplanuoti-komandiruote-i-Barselona.png","keywords":["gidas","ispanija","paroda","verslo kelion\u0117s"],"articleSection":["Blog","Kelioni\u0173 naujienos","Kelioni\u0173 patarimai ir \u012f\u017evalgos verslui"],"inLanguage":"en-GB"},{"@type":"WebPage","@id":"https:\/\/bpctravel.lt\/verslo-kelioniu-organizavimas-i-barselona\/","url":"https:\/\/bpctravel.lt\/verslo-kelioniu-organizavimas-i-barselona\/","name":"Verslo kelioni\u0173 organizavimas \u012f Barselon\u0105 | Parodos, vie\u0161bu\u010diai","isPartOf":{"@id":"https:\/\/bpctravel.lt\/#website"},"primaryImageOfPage":{"@id":"https:\/\/bpctravel.lt\/verslo-kelioniu-organizavimas-i-barselona\/#primaryimage"},"image":{"@id":"https:\/\/bpctravel.lt\/verslo-kelioniu-organizavimas-i-barselona\/#primaryimage"},"thumbnailUrl":"https:\/\/bpctravel.lt\/wp-content\/uploads\/2025\/06\/Verslo-kelioniu-organizavimas-kaip-suplanuoti-komandiruote-i-Barselona.png","datePublished":"2025-06-14T13:09:34+00:00","dateModified":"2026-03-09T06:16:49+00:00","author":{"@id":"https:\/\/bpctravel.lt\/#\/schema\/person\/5c2733615a4f3a80201aed9c13070a6b"},"description":"Planuojate verslo kelion\u0119 \u012f Barselon\u0105? TOP parodos, skryd\u017eiai i\u0161 Lietuvos, verslo vie\u0161bu\u010diai, transportas, maistas ir etiketo patarimai.","breadcrumb":{"@id":"https:\/\/bpctravel.lt\/verslo-kelioniu-organizavimas-i-barselona\/#breadcrumb"},"inLanguage":"en-GB","potentialAction":[{"@type":"ReadAction","target":["https:\/\/bpctravel.lt\/verslo-kelioniu-organizavimas-i-barselona\/"]}]},{"@type":"ImageObject","inLanguage":"en-GB","@id":"https:\/\/bpctravel.lt\/verslo-kelioniu-organizavimas-i-barselona\/#primaryimage","url":"https:\/\/bpctravel.lt\/wp-content\/uploads\/2025\/06\/Verslo-kelioniu-organizavimas-kaip-suplanuoti-komandiruote-i-Barselona.png","contentUrl":"https:\/\/bpctravel.lt\/wp-content\/uploads\/2025\/06\/Verslo-kelioniu-organizavimas-kaip-suplanuoti-komandiruote-i-Barselona.png","width":1200,"height":628,"caption":"Verslo kelioni\u0173 organizavimas kaip suplanuoti komandiruot\u0119 \u012f"},{"@type":"BreadcrumbList","@id":"https:\/\/bpctravel.lt\/verslo-kelioniu-organizavimas-i-barselona\/#breadcrumb","itemListElement":[{"@type":"ListItem","position":1,"name":"Home","item":"https:\/\/bpctravel.lt\/"},{"@type":"ListItem","position":2,"name":"Verslo kelioni\u0173 organizavimas: kaip suplanuoti komandiruot\u0119 \u012f Barselon\u0105"}]},{"@type":"WebSite","@id":"https:\/\/bpctravel.lt\/#website","url":"https:\/\/bpctravel.lt\/","name":"BPC travel","description":"","potentialAction":[{"@type":"SearchAction","target":{"@type":"EntryPoint","urlTemplate":"https:\/\/bpctravel.lt\/?s={search_term_string}"},"query-input":{"@type":"PropertyValueSpecification","valueRequired":true,"valueName":"search_term_string"}}],"inLanguage":"en-GB"},{"@type":"Person","@id":"https:\/\/bpctravel.lt\/#\/schema\/person\/5c2733615a4f3a80201aed9c13070a6b","name":"Verslo kelion\u0117s","image":{"@type":"ImageObject","inLanguage":"en-GB","@id":"https:\/\/bpctravel.lt\/wp-content\/litespeed\/avatar\/794cde13052789a5cef0a12ef5ef7bd5.jpg?ver=1777252015","url":"https:\/\/bpctravel.lt\/wp-content\/litespeed\/avatar\/794cde13052789a5cef0a12ef5ef7bd5.jpg?ver=1777252015","contentUrl":"https:\/\/bpctravel.lt\/wp-content\/litespeed\/avatar\/794cde13052789a5cef0a12ef5ef7bd5.jpg?ver=1777252015","caption":"Verslo kelion\u0117s"},"sameAs":["https:\/\/bpctravel.lt\/"],"url":"https:\/\/bpctravel.lt\/en\/author\/emilija\/"}]}},"_links":{"self":[{"href":"https:\/\/bpctravel.lt\/en\/wp-json\/wp\/v2\/posts\/22884","targetHints":{"allow":["GET"]}}],"collection":[{"href":"https:\/\/bpctravel.lt\/en\/wp-json\/wp\/v2\/posts"}],"about":[{"href":"https:\/\/bpctravel.lt\/en\/wp-json\/wp\/v2\/types\/post"}],"author":[{"embeddable":true,"href":"https:\/\/bpctravel.lt\/en\/wp-json\/wp\/v2\/users\/6"}],"replies":[{"embeddable":true,"href":"https:\/\/bpctravel.lt\/en\/wp-json\/wp\/v2\/comments?post=22884"}],"version-history":[{"count":1,"href":"https:\/\/bpctravel.lt\/en\/wp-json\/wp\/v2\/posts\/22884\/revisions"}],"predecessor-version":[{"id":22897,"href":"https:\/\/bpctravel.lt\/en\/wp-json\/wp\/v2\/posts\/22884\/revisions\/22897"}],"wp:featuredmedia":[{"embeddable":true,"href":"https:\/\/bpctravel.lt\/en\/wp-json\/wp\/v2\/media\/22896"}],"wp:attachment":[{"href":"https:\/\/bpctravel.lt\/en\/wp-json\/wp\/v2\/media?parent=22884"}],"wp:term":[{"taxonomy":"category","embeddable":true,"href":"https:\/\/bpctravel.lt\/en\/wp-json\/wp\/v2\/categories?post=22884"},{"taxonomy":"post_tag","embeddable":true,"href":"https:\/\/bpctravel.lt\/en\/wp-json\/wp\/v2\/tags?post=22884"}],"curies":[{"name":"wp","href":"https:\/\/api.w.org\/{rel}","templated":true}]}}